{"id":1196,"date":"2023-10-26T19:14:18","date_gmt":"2023-10-26T17:14:18","guid":{"rendered":"https:\/\/ceipalcalavenceslada.es\/?p=1196"},"modified":"2024-01-10T19:14:48","modified_gmt":"2024-01-10T18:14:48","slug":"vivo-la-cultura-5a","status":"publish","type":"post","link":"https:\/\/ceipalcalavenceslada.es\/?p=1196","title":{"rendered":"Vivo la cultura 5\u00aa"},"content":{"rendered":"\n<div class=\"wp-block-group has-border-color has-white-background-color has-background is-vertical is-layout-flex wp-container-3 wp-block-group-is-layout-flex\" style=\"border-color:#7f46b5;border-width:5px;border-radius:10px\">\n<h2 class=\"wp-block-heading\">Titulo<\/h2>\n\n\n\n<p>Contenido<\/p>\n\n\n\n<figure class=\"wp-block-gallery has-nested-images columns-default is-cropped wp-block-gallery-1 is-layout-flex wp-block-gallery-is-layout-flex\">\n<figure class=\"wp-block-image size-large\"><img decoding=\"async\" loading=\"lazy\" width=\"960\" height=\"720\" src=\"https:\/\/ceipalcalavenceslada.es\/wp-content\/uploads\/2024\/01\/5o4.jpg\" alt=\"\" class=\"wp-image-1197\" srcset=\"https:\/\/ceipalcalavenceslada.es\/wp-content\/uploads\/2024\/01\/5o4.jpg 960w, https:\/\/ceipalcalavenceslada.es\/wp-content\/uploads\/2024\/01\/5o4-300x225.jpg 300w, https:\/\/ceipalcalavenceslada.es\/wp-content\/uploads\/2024\/01\/5o4-768x576.jpg 768w\" sizes=\"(max-width: 960px) 100vw, 960px\" \/><\/figure>\n\n\n\n<figure class=\"wp-block-image size-large\"><img decoding=\"async\" loading=\"lazy\" width=\"960\" height=\"720\" src=\"https:\/\/ceipalcalavenceslada.es\/wp-content\/uploads\/2024\/01\/5o1.jpg\" alt=\"\" class=\"wp-image-1198\" srcset=\"https:\/\/ceipalcalavenceslada.es\/wp-content\/uploads\/2024\/01\/5o1.jpg 960w, https:\/\/ceipalcalavenceslada.es\/wp-content\/uploads\/2024\/01\/5o1-300x225.jpg 300w, https:\/\/ceipalcalavenceslada.es\/wp-content\/uploads\/2024\/01\/5o1-768x576.jpg 768w\" sizes=\"(max-width: 960px) 100vw, 960px\" \/><\/figure>\n\n\n\n<figure class=\"wp-block-image size-large\"><img decoding=\"async\" loading=\"lazy\" width=\"720\" height=\"960\" src=\"https:\/\/ceipalcalavenceslada.es\/wp-content\/uploads\/2024\/01\/5o2.jpg\" alt=\"\" class=\"wp-image-1200\" srcset=\"https:\/\/ceipalcalavenceslada.es\/wp-content\/uploads\/2024\/01\/5o2.jpg 720w, https:\/\/ceipalcalavenceslada.es\/wp-content\/uploads\/2024\/01\/5o2-225x300.jpg 225w\" sizes=\"(max-width: 720px) 100vw, 720px\" \/><\/figure>\n\n\n\n<figure class=\"wp-block-image size-large\"><img decoding=\"async\" loading=\"lazy\" width=\"960\" height=\"720\" src=\"https:\/\/ceipalcalavenceslada.es\/wp-content\/uploads\/2024\/01\/5o3.jpg\" alt=\"\" class=\"wp-image-1199\" srcset=\"https:\/\/ceipalcalavenceslada.es\/wp-content\/uploads\/2024\/01\/5o3.jpg 960w, https:\/\/ceipalcalavenceslada.es\/wp-content\/uploads\/2024\/01\/5o3-300x225.jpg 300w, https:\/\/ceipalcalavenceslada.es\/wp-content\/uploads\/2024\/01\/5o3-768x576.jpg 768w\" sizes=\"(max-width: 960px) 100vw, 960px\" \/><\/figure>\n<\/figure>\n<\/div>\n","protected":false},"excerpt":{"rendered":"<p>Proteger nuestro patrimonio cultural es muy importante porque constituye una gran riqueza: monumentos, obras literarias y art\u00edsticas, tradiciones, gastronom\u00eda, m\u00fasica&#8230; Todo ello nos ayuda a conocer nuestro pasado y a comprender nuestro presente.<br \/>\nDentro del Objetivo de Desarrollo Sostenible &#8220;Ciudades y comunidades sostenibles&#8221;, se pretende &#8220;proteger el patrimonio cultural. Redoblar los esfuerzos para proteger y salvaguardar el patrimonio cultural y natural del mundo.&#8221;<br \/>\nEs por ello que dentro de la asignatura de Lengua, el alumnado de 5\u00ba ha realizado una situaci\u00f3n de aprendizaje donde han sido gu\u00edas de sus compa\u00f1eros y compa\u00f1eras, visitando una Iglesia cercana al colegio y que conociendo m\u00e1s en profundidad el patrimonio cultural de la ciudad.<br \/>\nCon todo esto se ha trabajado una serie de contenidos: escuchar un<br \/>\ngu\u00eda, leer un texto expositivo, buscar informaci\u00f3n en fuentes fiables, escribir un buen texto y utilizar vocabulario espec\u00edfico relacionado con la cultura&#8230; Y como se ve en las fotos, han superado estos contenidos.<\/p>\n","protected":false},"author":2,"featured_media":1198,"comment_status":"open","ping_status":"open","sticky":false,"template":"","format":"standard","meta":{"footnotes":""},"categories":[1],"tags":[],"blocksy_meta":[],"_links":{"self":[{"href":"https:\/\/ceipalcalavenceslada.es\/index.php?rest_route=\/wp\/v2\/posts\/1196"}],"collection":[{"href":"https:\/\/ceipalcalavenceslada.es\/index.php?rest_route=\/wp\/v2\/posts"}],"about":[{"href":"https:\/\/ceipalcalavenceslada.es\/index.php?rest_route=\/wp\/v2\/types\/post"}],"author":[{"embeddable":true,"href":"https:\/\/ceipalcalavenceslada.es\/index.php?rest_route=\/wp\/v2\/users\/2"}],"replies":[{"embeddable":true,"href":"https:\/\/ceipalcalavenceslada.es\/index.php?rest_route=%2Fwp%2Fv2%2Fcomments&post=1196"}],"version-history":[{"count":1,"href":"https:\/\/ceipalcalavenceslada.es\/index.php?rest_route=\/wp\/v2\/posts\/1196\/revisions"}],"predecessor-version":[{"id":1201,"href":"https:\/\/ceipalcalavenceslada.es\/index.php?rest_route=\/wp\/v2\/posts\/1196\/revisions\/1201"}],"wp:featuredmedia":[{"embeddable":true,"href":"https:\/\/ceipalcalavenceslada.es\/index.php?rest_route=\/wp\/v2\/media\/1198"}],"wp:attachment":[{"href":"https:\/\/ceipalcalavenceslada.es\/index.php?rest_route=%2Fwp%2Fv2%2Fmedia&parent=1196"}],"wp:term":[{"taxonomy":"category","embeddable":true,"href":"https:\/\/ceipalcalavenceslada.es\/index.php?rest_route=%2Fwp%2Fv2%2Fcategories&post=1196"},{"taxonomy":"post_tag","embeddable":true,"href":"https:\/\/ceipalcalavenceslada.es\/index.php?rest_route=%2Fwp%2Fv2%2Ftags&post=1196"}],"curies":[{"name":"wp","href":"https:\/\/api.w.org\/{rel}","templated":true}]}}