{"id":1218,"date":"2023-11-08T19:47:29","date_gmt":"2023-11-08T18:47:29","guid":{"rendered":"https:\/\/ceipalcalavenceslada.es\/?p=1218"},"modified":"2024-01-10T19:48:47","modified_gmt":"2024-01-10T18:48:47","slug":"museo-provincial-de-jaen","status":"publish","type":"post","link":"https:\/\/ceipalcalavenceslada.es\/?p=1218","title":{"rendered":"Museo Provincial de Ja\u00e9n"},"content":{"rendered":"\n<div class=\"wp-block-group has-border-color has-white-background-color has-background is-vertical is-layout-flex wp-container-1 wp-block-group-is-layout-flex\" style=\"border-color:#7f46b5;border-width:5px;border-radius:10px\">\n<iframe loading=\"lazy\" width=\"760\" height=\"515\" src=\"https:\/\/www.youtube.com\/embed\/5CbLH75nl1Y?si=2_MGh_1Px_dnIU2J\" title=\"YouTube video player\" frameborder=\"0\" allow=\"accelerometer; autoplay; clipboard-write; encrypted-media; gyroscope; picture-in-picture; web-share\" allowfullscreen><\/iframe>\n<\/div>\n","protected":false},"excerpt":{"rendered":"<p>La vista al Museo de Ja\u00e9n \ud83c\udfdb\ufe0fes siempre una actividad estimulante \ud83e\udde0 y divertida \ud83d\ude3a.<br \/>\nEn esta ocasi\u00f3n hemos disfrutado de la exposici\u00f3n de arte contempor\u00e1neo ArtJa\u00e9n \ud83d\udc4f\ud83d\udc69\ud83c\udffb\u200d\ud83c\udfa8con la magn\u00edfica colaboraci\u00f3n de Alfonso Ram\u00edrez \ud83d\udc4c\ud83c\udffc<\/p>\n","protected":false},"author":2,"featured_media":1219,"comment_status":"open","ping_status":"open","sticky":false,"template":"","format":"standard","meta":{"footnotes":""},"categories":[1],"tags":[],"blocksy_meta":[],"_links":{"self":[{"href":"https:\/\/ceipalcalavenceslada.es\/index.php?rest_route=\/wp\/v2\/posts\/1218"}],"collection":[{"href":"https:\/\/ceipalcalavenceslada.es\/index.php?rest_route=\/wp\/v2\/posts"}],"about":[{"href":"https:\/\/ceipalcalavenceslada.es\/index.php?rest_route=\/wp\/v2\/types\/post"}],"author":[{"embeddable":true,"href":"https:\/\/ceipalcalavenceslada.es\/index.php?rest_route=\/wp\/v2\/users\/2"}],"replies":[{"embeddable":true,"href":"https:\/\/ceipalcalavenceslada.es\/index.php?rest_route=%2Fwp%2Fv2%2Fcomments&post=1218"}],"version-history":[{"count":3,"href":"https:\/\/ceipalcalavenceslada.es\/index.php?rest_route=\/wp\/v2\/posts\/1218\/revisions"}],"predecessor-version":[{"id":1222,"href":"https:\/\/ceipalcalavenceslada.es\/index.php?rest_route=\/wp\/v2\/posts\/1218\/revisions\/1222"}],"wp:featuredmedia":[{"embeddable":true,"href":"https:\/\/ceipalcalavenceslada.es\/index.php?rest_route=\/wp\/v2\/media\/1219"}],"wp:attachment":[{"href":"https:\/\/ceipalcalavenceslada.es\/index.php?rest_route=%2Fwp%2Fv2%2Fmedia&parent=1218"}],"wp:term":[{"taxonomy":"category","embeddable":true,"href":"https:\/\/ceipalcalavenceslada.es\/index.php?rest_route=%2Fwp%2Fv2%2Fcategories&post=1218"},{"taxonomy":"post_tag","embeddable":true,"href":"https:\/\/ceipalcalavenceslada.es\/index.php?rest_route=%2Fwp%2Fv2%2Ftags&post=1218"}],"curies":[{"name":"wp","href":"https:\/\/api.w.org\/{rel}","templated":true}]}}