{"id":1490,"date":"2024-05-03T09:21:52","date_gmt":"2024-05-03T07:21:52","guid":{"rendered":"https:\/\/ceipalcalavenceslada.es\/?p=1490"},"modified":"2024-05-03T09:21:52","modified_gmt":"2024-05-03T07:21:52","slug":"infantil-en-la-opera","status":"publish","type":"post","link":"https:\/\/ceipalcalavenceslada.es\/?p=1490","title":{"rendered":"Infantil en la \u00f3pera"},"content":{"rendered":"\n<div class=\"wp-block-group has-border-color has-white-background-color has-background is-vertical is-layout-flex wp-container-1 wp-block-group-is-layout-flex\" style=\"border-color:#7f46b5;border-width:5px;border-radius:10px\">\n<p>Agradecemos la actividad patrocinada y ofrecida por el Patronato Municipal de cultura del Ayuntamiento de Ja\u00e9n y la Junta de Andaluc\u00eda al centro en la ma\u00f1ana de ayer y a su gerente, Rosario Morales de Coca. \ud83d\udc4f La Hesperian Symphony Orchestra\ud83c\udfb6\ud83d\udc69\ud83c\udffb ha representado una interesante obra adaptada al alumnado de infantil \ud83d\udc67\ud83c\udffc\ud83d\udc66\ud83c\udffdque ha disfrutado de la magn\u00edfica funci\u00f3n de la lI edici\u00f3n de Ja\u00e9n suena a \u00f3pera. La cantante, Ana Sanz, el actor\/narrador Rub\u00e9n Fern\u00e1ndez y el pianista Saturnino Cintas han interpretado de forma magistral\ud83d\udde3\ufe0f\ud83d\udc4c\ud83c\udffc un concierto que cuenta la historia de la \u00f3pera donde ense\u00f1an a los m\u00e1s peques qu\u00e9 es la \u00f3pera, las arias y todo lo relacionado con esta disciplina tan bella.<\/p>\n\n\n\n<iframe loading=\"lazy\" width=\"560\" height=\"315\" src=\"https:\/\/www.youtube.com\/embed\/06oSkdE98ek?si=qO4i1L6yMx2L8A7P\" title=\"YouTube video player\" frameborder=\"0\" allow=\"accelerometer; autoplay; clipboard-write; encrypted-media; gyroscope; picture-in-picture; web-share\" referrerpolicy=\"strict-origin-when-cross-origin\" allowfullscreen><\/iframe>\n<\/div>\n","protected":false},"excerpt":{"rendered":"<p>Agradecemos la actividad patrocinada y ofrecida por el Patronato Municipal de cultura del Ayuntamiento de Ja\u00e9n y la Junta de Andaluc\u00eda al centro en la ma\u00f1ana de ayer y a su gerente, Rosario Morales de Coca. \ud83d\udc4f La Hesperian Symphony Orchestra\ud83c\udfb6\ud83d\udc69\ud83c\udffb ha representado una interesante obra adaptada al alumnado de infantil \ud83d\udc67\ud83c\udffc\ud83d\udc66\ud83c\udffdque ha disfrutado de [&hellip;]<\/p>\n","protected":false},"author":2,"featured_media":1491,"comment_status":"open","ping_status":"open","sticky":false,"template":"","format":"standard","meta":{"footnotes":""},"categories":[1],"tags":[],"blocksy_meta":[],"_links":{"self":[{"href":"https:\/\/ceipalcalavenceslada.es\/index.php?rest_route=\/wp\/v2\/posts\/1490"}],"collection":[{"href":"https:\/\/ceipalcalavenceslada.es\/index.php?rest_route=\/wp\/v2\/posts"}],"about":[{"href":"https:\/\/ceipalcalavenceslada.es\/index.php?rest_route=\/wp\/v2\/types\/post"}],"author":[{"embeddable":true,"href":"https:\/\/ceipalcalavenceslada.es\/index.php?rest_route=\/wp\/v2\/users\/2"}],"replies":[{"embeddable":true,"href":"https:\/\/ceipalcalavenceslada.es\/index.php?rest_route=%2Fwp%2Fv2%2Fcomments&post=1490"}],"version-history":[{"count":1,"href":"https:\/\/ceipalcalavenceslada.es\/index.php?rest_route=\/wp\/v2\/posts\/1490\/revisions"}],"predecessor-version":[{"id":1492,"href":"https:\/\/ceipalcalavenceslada.es\/index.php?rest_route=\/wp\/v2\/posts\/1490\/revisions\/1492"}],"wp:featuredmedia":[{"embeddable":true,"href":"https:\/\/ceipalcalavenceslada.es\/index.php?rest_route=\/wp\/v2\/media\/1491"}],"wp:attachment":[{"href":"https:\/\/ceipalcalavenceslada.es\/index.php?rest_route=%2Fwp%2Fv2%2Fmedia&parent=1490"}],"wp:term":[{"taxonomy":"category","embeddable":true,"href":"https:\/\/ceipalcalavenceslada.es\/index.php?rest_route=%2Fwp%2Fv2%2Fcategories&post=1490"},{"taxonomy":"post_tag","embeddable":true,"href":"https:\/\/ceipalcalavenceslada.es\/index.php?rest_route=%2Fwp%2Fv2%2Ftags&post=1490"}],"curies":[{"name":"wp","href":"https:\/\/api.w.org\/{rel}","templated":true}]}}