{"id":1512,"date":"2024-05-10T10:49:56","date_gmt":"2024-05-10T08:49:56","guid":{"rendered":"https:\/\/ceipalcalavenceslada.es\/?p=1512"},"modified":"2024-05-10T10:52:23","modified_gmt":"2024-05-10T08:52:23","slug":"1512","status":"publish","type":"post","link":"https:\/\/ceipalcalavenceslada.es\/?p=1512","title":{"rendered":"D\u00cdA DE EUROPA"},"content":{"rendered":"\n<div class=\"wp-block-group has-border-color has-white-background-color has-background is-vertical is-layout-flex wp-container-1 wp-block-group-is-layout-flex\" style=\"border-color:#7f46b5;border-width:5px;border-radius:10px\">\n<p>Peque\u00f1as y peque\u00f1os pero muy orgullosos de pertenecer a la Uni\u00f3n Europea. \ud83d\ude0d\ud83d\ude4c\ud83c\uddea\ud83c\uddfa<\/p>\n\n\n\n<p>Europa: tierra milenaria, de rica cultura \ud83d\udcd5\ud83c\udfbc\ud83c\udfa8diversidad, \ud83d\udc69\ud83c\udfff\u200d\ud83e\uddb0\ud83d\udc67\ud83c\udffc\ud83d\udc69\ud83c\udffd\u200d\ud83e\uddb1\ud83d\udc66\ud83c\udffd\ud83d\udc69, naturaleza \ud83d\udc90\ud83c\udf33\u2600\ufe0f, variada gastronom\u00eda \ud83e\udd58\ud83e\uddc6\ud83e\udd67\ud83c\udf45innovaci\u00f3n \ud83d\udcf2\ud83e\uddeaintegraci\u00f3n \ud83e\udd1dy paz.\u262e\ufe0f \ud83c\uddea\ud83c\uddfa\ud83c\uddea\ud83c\uddfa\ud83c\uddea\ud83c\uddfa\ud83c\uddea\ud83c\uddfa\ud83c\uddea\ud83c\uddfa\ud83c\uddea\ud83c\uddfa<\/p>\n\n\n\n<iframe loading=\"lazy\" width=\"560\" height=\"315\" src=\"https:\/\/www.youtube.com\/embed\/42eN6acnzuA?si=OMtSztJRSPX1pbxg\" title=\"YouTube video player\" frameborder=\"0\" allow=\"accelerometer; autoplay; clipboard-write; encrypted-media; gyroscope; picture-in-picture; web-share\" referrerpolicy=\"strict-origin-when-cross-origin\" allowfullscreen><\/iframe>\n<\/div>\n","protected":false},"excerpt":{"rendered":"<p>Peque\u00f1as y peque\u00f1os pero muy orgullosos de pertenecer a la Uni\u00f3n Europea. \ud83d\ude0d\ud83d\ude4c\ud83c\uddea\ud83c\uddfa Europa: tierra milenaria, de rica cultura \ud83d\udcd5\ud83c\udfbc\ud83c\udfa8diversidad, \ud83d\udc69\ud83c\udfff\u200d\ud83e\uddb0\ud83d\udc67\ud83c\udffc\ud83d\udc69\ud83c\udffd\u200d\ud83e\uddb1\ud83d\udc66\ud83c\udffd\ud83d\udc69, naturaleza \ud83d\udc90\ud83c\udf33\u2600\ufe0f, variada gastronom\u00eda \ud83e\udd58\ud83e\uddc6\ud83e\udd67\ud83c\udf45innovaci\u00f3n \ud83d\udcf2\ud83e\uddeaintegraci\u00f3n \ud83e\udd1dy paz.\u262e\ufe0f \ud83c\uddea\ud83c\uddfa\ud83c\uddea\ud83c\uddfa\ud83c\uddea\ud83c\uddfa\ud83c\uddea\ud83c\uddfa\ud83c\uddea\ud83c\uddfa\ud83c\uddea\ud83c\uddfa<\/p>\n","protected":false},"author":2,"featured_media":1513,"comment_status":"open","ping_status":"open","sticky":false,"template":"","format":"standard","meta":{"footnotes":""},"categories":[1],"tags":[],"blocksy_meta":[],"_links":{"self":[{"href":"https:\/\/ceipalcalavenceslada.es\/index.php?rest_route=\/wp\/v2\/posts\/1512"}],"collection":[{"href":"https:\/\/ceipalcalavenceslada.es\/index.php?rest_route=\/wp\/v2\/posts"}],"about":[{"href":"https:\/\/ceipalcalavenceslada.es\/index.php?rest_route=\/wp\/v2\/types\/post"}],"author":[{"embeddable":true,"href":"https:\/\/ceipalcalavenceslada.es\/index.php?rest_route=\/wp\/v2\/users\/2"}],"replies":[{"embeddable":true,"href":"https:\/\/ceipalcalavenceslada.es\/index.php?rest_route=%2Fwp%2Fv2%2Fcomments&post=1512"}],"version-history":[{"count":2,"href":"https:\/\/ceipalcalavenceslada.es\/index.php?rest_route=\/wp\/v2\/posts\/1512\/revisions"}],"predecessor-version":[{"id":1515,"href":"https:\/\/ceipalcalavenceslada.es\/index.php?rest_route=\/wp\/v2\/posts\/1512\/revisions\/1515"}],"wp:featuredmedia":[{"embeddable":true,"href":"https:\/\/ceipalcalavenceslada.es\/index.php?rest_route=\/wp\/v2\/media\/1513"}],"wp:attachment":[{"href":"https:\/\/ceipalcalavenceslada.es\/index.php?rest_route=%2Fwp%2Fv2%2Fmedia&parent=1512"}],"wp:term":[{"taxonomy":"category","embeddable":true,"href":"https:\/\/ceipalcalavenceslada.es\/index.php?rest_route=%2Fwp%2Fv2%2Fcategories&post=1512"},{"taxonomy":"post_tag","embeddable":true,"href":"https:\/\/ceipalcalavenceslada.es\/index.php?rest_route=%2Fwp%2Fv2%2Ftags&post=1512"}],"curies":[{"name":"wp","href":"https:\/\/api.w.org\/{rel}","templated":true}]}}