{"id":1562,"date":"2024-06-07T09:47:39","date_gmt":"2024-06-07T07:47:39","guid":{"rendered":"https:\/\/ceipalcalavenceslada.es\/?p=1562"},"modified":"2024-06-07T09:48:56","modified_gmt":"2024-06-07T07:48:56","slug":"1562","status":"publish","type":"post","link":"https:\/\/ceipalcalavenceslada.es\/?p=1562","title":{"rendered":"Premio de dibujo &#8220;Biblioteca Provincial de Ja\u00e9n&#8221;"},"content":{"rendered":"\n<div class=\"wp-block-group has-border-color has-white-background-color has-background is-vertical is-layout-flex wp-container-3 wp-block-group-is-layout-flex\" style=\"border-color:#7f46b5;border-width:5px;border-radius:10px\">\n<p>No solo uno, si no 3 alumn@s de nuestro  CEIP Alcal\u00e1 Venceslada han ganado alguna categor\u00eda en el premio de dibujo convocado por la Biblioteca Provincial de Ja\u00e9n. Mohammed de 1\u00ba, Sonia de 4\u00ba y Miguel \u00c1ngel de 6\u00ba han recibido sus premios con much\u00edsima ilusi\u00f3n. Es un orgullo para nuestro cole tener a estos peque\u00f1os grandes artistas!!<\/p>\n\n\n\n<figure class=\"wp-block-gallery has-nested-images columns-default is-cropped wp-block-gallery-1 is-layout-flex wp-block-gallery-is-layout-flex\">\n<figure class=\"wp-block-image size-large\"><img decoding=\"async\" loading=\"lazy\" width=\"1024\" height=\"768\" src=\"https:\/\/ceipalcalavenceslada.es\/wp-content\/uploads\/2024\/06\/indice1-1024x768.jpeg\" alt=\"\" class=\"wp-image-1566\" srcset=\"https:\/\/ceipalcalavenceslada.es\/wp-content\/uploads\/2024\/06\/indice1-1024x768.jpeg 1024w, https:\/\/ceipalcalavenceslada.es\/wp-content\/uploads\/2024\/06\/indice1-300x225.jpeg 300w, https:\/\/ceipalcalavenceslada.es\/wp-content\/uploads\/2024\/06\/indice1-768x576.jpeg 768w, https:\/\/ceipalcalavenceslada.es\/wp-content\/uploads\/2024\/06\/indice1-1536x1152.jpeg 1536w, https:\/\/ceipalcalavenceslada.es\/wp-content\/uploads\/2024\/06\/indice1.jpeg 2048w\" sizes=\"(max-width: 1024px) 100vw, 1024px\" \/><\/figure>\n\n\n\n<figure class=\"wp-block-image size-large\"><img decoding=\"async\" loading=\"lazy\" width=\"1024\" height=\"768\" src=\"https:\/\/ceipalcalavenceslada.es\/wp-content\/uploads\/2024\/06\/indice3-1024x768.jpeg\" alt=\"\" class=\"wp-image-1564\" srcset=\"https:\/\/ceipalcalavenceslada.es\/wp-content\/uploads\/2024\/06\/indice3-1024x768.jpeg 1024w, https:\/\/ceipalcalavenceslada.es\/wp-content\/uploads\/2024\/06\/indice3-300x225.jpeg 300w, https:\/\/ceipalcalavenceslada.es\/wp-content\/uploads\/2024\/06\/indice3-768x576.jpeg 768w, https:\/\/ceipalcalavenceslada.es\/wp-content\/uploads\/2024\/06\/indice3-1536x1152.jpeg 1536w, https:\/\/ceipalcalavenceslada.es\/wp-content\/uploads\/2024\/06\/indice3.jpeg 2048w\" sizes=\"(max-width: 1024px) 100vw, 1024px\" \/><\/figure>\n\n\n\n<figure class=\"wp-block-image size-large\"><img decoding=\"async\" loading=\"lazy\" width=\"1024\" height=\"768\" src=\"https:\/\/ceipalcalavenceslada.es\/wp-content\/uploads\/2024\/06\/indice4-1024x768.jpeg\" alt=\"\" class=\"wp-image-1567\" srcset=\"https:\/\/ceipalcalavenceslada.es\/wp-content\/uploads\/2024\/06\/indice4-1024x768.jpeg 1024w, https:\/\/ceipalcalavenceslada.es\/wp-content\/uploads\/2024\/06\/indice4-300x225.jpeg 300w, https:\/\/ceipalcalavenceslada.es\/wp-content\/uploads\/2024\/06\/indice4-768x576.jpeg 768w, https:\/\/ceipalcalavenceslada.es\/wp-content\/uploads\/2024\/06\/indice4-1536x1152.jpeg 1536w, https:\/\/ceipalcalavenceslada.es\/wp-content\/uploads\/2024\/06\/indice4.jpeg 2048w\" sizes=\"(max-width: 1024px) 100vw, 1024px\" \/><\/figure>\n\n\n\n<figure class=\"wp-block-image size-large\"><img decoding=\"async\" loading=\"lazy\" width=\"1024\" height=\"768\" src=\"https:\/\/ceipalcalavenceslada.es\/wp-content\/uploads\/2024\/06\/indice8-1024x768.jpeg\" alt=\"\" class=\"wp-image-1565\" srcset=\"https:\/\/ceipalcalavenceslada.es\/wp-content\/uploads\/2024\/06\/indice8-1024x768.jpeg 1024w, https:\/\/ceipalcalavenceslada.es\/wp-content\/uploads\/2024\/06\/indice8-300x225.jpeg 300w, https:\/\/ceipalcalavenceslada.es\/wp-content\/uploads\/2024\/06\/indice8-768x576.jpeg 768w, https:\/\/ceipalcalavenceslada.es\/wp-content\/uploads\/2024\/06\/indice8-1536x1152.jpeg 1536w, https:\/\/ceipalcalavenceslada.es\/wp-content\/uploads\/2024\/06\/indice8.jpeg 2048w\" sizes=\"(max-width: 1024px) 100vw, 1024px\" \/><\/figure>\n\n\n\n<figure class=\"wp-block-image size-large\"><img decoding=\"async\" loading=\"lazy\" width=\"1024\" height=\"768\" src=\"https:\/\/ceipalcalavenceslada.es\/wp-content\/uploads\/2024\/06\/indice9-1024x768.jpeg\" alt=\"\" class=\"wp-image-1563\" srcset=\"https:\/\/ceipalcalavenceslada.es\/wp-content\/uploads\/2024\/06\/indice9-1024x768.jpeg 1024w, https:\/\/ceipalcalavenceslada.es\/wp-content\/uploads\/2024\/06\/indice9-300x225.jpeg 300w, https:\/\/ceipalcalavenceslada.es\/wp-content\/uploads\/2024\/06\/indice9-768x576.jpeg 768w, https:\/\/ceipalcalavenceslada.es\/wp-content\/uploads\/2024\/06\/indice9-1536x1152.jpeg 1536w, https:\/\/ceipalcalavenceslada.es\/wp-content\/uploads\/2024\/06\/indice9.jpeg 2048w\" sizes=\"(max-width: 1024px) 100vw, 1024px\" \/><\/figure>\n<\/figure>\n<\/div>\n","protected":false},"excerpt":{"rendered":"<p>No solo uno, si no 3 alumn@s de nuestro CEIP Alcal\u00e1 Venceslada han ganado alguna categor\u00eda en el premio de dibujo convocado por la Biblioteca Provincial de Ja\u00e9n. Mohammed de 1\u00ba, Sonia de 4\u00ba y Miguel \u00c1ngel de 6\u00ba han recibido sus premios con much\u00edsima ilusi\u00f3n. Es un orgullo para nuestro cole tener a estos [&hellip;]<\/p>\n","protected":false},"author":2,"featured_media":1563,"comment_status":"open","ping_status":"open","sticky":false,"template":"","format":"standard","meta":{"footnotes":""},"categories":[1],"tags":[],"blocksy_meta":[],"_links":{"self":[{"href":"https:\/\/ceipalcalavenceslada.es\/index.php?rest_route=\/wp\/v2\/posts\/1562"}],"collection":[{"href":"https:\/\/ceipalcalavenceslada.es\/index.php?rest_route=\/wp\/v2\/posts"}],"about":[{"href":"https:\/\/ceipalcalavenceslada.es\/index.php?rest_route=\/wp\/v2\/types\/post"}],"author":[{"embeddable":true,"href":"https:\/\/ceipalcalavenceslada.es\/index.php?rest_route=\/wp\/v2\/users\/2"}],"replies":[{"embeddable":true,"href":"https:\/\/ceipalcalavenceslada.es\/index.php?rest_route=%2Fwp%2Fv2%2Fcomments&post=1562"}],"version-history":[{"count":2,"href":"https:\/\/ceipalcalavenceslada.es\/index.php?rest_route=\/wp\/v2\/posts\/1562\/revisions"}],"predecessor-version":[{"id":1570,"href":"https:\/\/ceipalcalavenceslada.es\/index.php?rest_route=\/wp\/v2\/posts\/1562\/revisions\/1570"}],"wp:featuredmedia":[{"embeddable":true,"href":"https:\/\/ceipalcalavenceslada.es\/index.php?rest_route=\/wp\/v2\/media\/1563"}],"wp:attachment":[{"href":"https:\/\/ceipalcalavenceslada.es\/index.php?rest_route=%2Fwp%2Fv2%2Fmedia&parent=1562"}],"wp:term":[{"taxonomy":"category","embeddable":true,"href":"https:\/\/ceipalcalavenceslada.es\/index.php?rest_route=%2Fwp%2Fv2%2Fcategories&post=1562"},{"taxonomy":"post_tag","embeddable":true,"href":"https:\/\/ceipalcalavenceslada.es\/index.php?rest_route=%2Fwp%2Fv2%2Ftags&post=1562"}],"curies":[{"name":"wp","href":"https:\/\/api.w.org\/{rel}","templated":true}]}}