{"id":1694,"date":"2024-10-29T12:26:11","date_gmt":"2024-10-29T11:26:11","guid":{"rendered":"https:\/\/ceipalcalavenceslada.es\/?p=1694"},"modified":"2024-10-29T12:26:11","modified_gmt":"2024-10-29T11:26:11","slug":"el-texto-expositivo-5o-primaria","status":"publish","type":"post","link":"https:\/\/ceipalcalavenceslada.es\/?p=1694","title":{"rendered":"El texto expositivo. 5\u00ba primaria"},"content":{"rendered":"\n<div class=\"wp-block-group has-border-color has-white-background-color has-background is-vertical is-layout-flex wp-container-1 wp-block-group-is-layout-flex\" style=\"border-color:#7f46b5;border-width:5px;border-radius:10px\">\n<p>Trabajamos el texto expositivo realizando un folleto del Castillo de Santa Catalina de Ja\u00e9n. Acercamos la teor\u00eda a la pr\u00e1ctica y la conectamos con centros de inter\u00e9s cercano al alumnado, desarrollamos t\u00e9cnicas de b\u00fasqueda de informaci\u00f3n, fomentamos la creatividad fabricando los folletos y practicamos la exposici\u00f3n oral.<\/p>\n\n\n\n<iframe loading=\"lazy\" width=\"560\" height=\"315\" src=\"https:\/\/www.youtube.com\/embed\/HeIGlzjRxM8?si=71vwdDdcy5jinihz\" title=\"YouTube video player\" frameborder=\"0\" allow=\"accelerometer; autoplay; clipboard-write; encrypted-media; gyroscope; picture-in-picture; web-share\" referrerpolicy=\"strict-origin-when-cross-origin\" allowfullscreen><\/iframe>\n<\/div>\n","protected":false},"excerpt":{"rendered":"<p>Trabajamos el texto expositivo realizando un folleto del Castillo de Santa Catalina de Ja\u00e9n. Acercamos la teor\u00eda a la pr\u00e1ctica y la conectamos con centros de inter\u00e9s cercano al alumnado, desarrollamos t\u00e9cnicas de b\u00fasqueda de informaci\u00f3n, fomentamos la creatividad fabricando los folletos y practicamos la exposici\u00f3n oral.<\/p>\n","protected":false},"author":2,"featured_media":1696,"comment_status":"open","ping_status":"open","sticky":false,"template":"","format":"standard","meta":{"footnotes":""},"categories":[1],"tags":[],"blocksy_meta":[],"_links":{"self":[{"href":"https:\/\/ceipalcalavenceslada.es\/index.php?rest_route=\/wp\/v2\/posts\/1694"}],"collection":[{"href":"https:\/\/ceipalcalavenceslada.es\/index.php?rest_route=\/wp\/v2\/posts"}],"about":[{"href":"https:\/\/ceipalcalavenceslada.es\/index.php?rest_route=\/wp\/v2\/types\/post"}],"author":[{"embeddable":true,"href":"https:\/\/ceipalcalavenceslada.es\/index.php?rest_route=\/wp\/v2\/users\/2"}],"replies":[{"embeddable":true,"href":"https:\/\/ceipalcalavenceslada.es\/index.php?rest_route=%2Fwp%2Fv2%2Fcomments&post=1694"}],"version-history":[{"count":1,"href":"https:\/\/ceipalcalavenceslada.es\/index.php?rest_route=\/wp\/v2\/posts\/1694\/revisions"}],"predecessor-version":[{"id":1697,"href":"https:\/\/ceipalcalavenceslada.es\/index.php?rest_route=\/wp\/v2\/posts\/1694\/revisions\/1697"}],"wp:featuredmedia":[{"embeddable":true,"href":"https:\/\/ceipalcalavenceslada.es\/index.php?rest_route=\/wp\/v2\/media\/1696"}],"wp:attachment":[{"href":"https:\/\/ceipalcalavenceslada.es\/index.php?rest_route=%2Fwp%2Fv2%2Fmedia&parent=1694"}],"wp:term":[{"taxonomy":"category","embeddable":true,"href":"https:\/\/ceipalcalavenceslada.es\/index.php?rest_route=%2Fwp%2Fv2%2Fcategories&post=1694"},{"taxonomy":"post_tag","embeddable":true,"href":"https:\/\/ceipalcalavenceslada.es\/index.php?rest_route=%2Fwp%2Fv2%2Ftags&post=1694"}],"curies":[{"name":"wp","href":"https:\/\/api.w.org\/{rel}","templated":true}]}}