{"id":2049,"date":"2025-05-16T13:38:08","date_gmt":"2025-05-16T11:38:08","guid":{"rendered":"https:\/\/ceipalcalavenceslada.es\/?p=2049"},"modified":"2025-05-16T13:38:08","modified_gmt":"2025-05-16T11:38:08","slug":"dia-internacional-de-la-familia","status":"publish","type":"post","link":"https:\/\/ceipalcalavenceslada.es\/?p=2049","title":{"rendered":"D\u00eda Internacional de la familia"},"content":{"rendered":"\n<div class=\"wp-block-group has-border-color has-white-background-color has-background is-vertical is-layout-flex wp-container-1 wp-block-group-is-layout-flex\" style=\"border-color:#7f46b5;border-width:5px;border-radius:10px\">\n<p>La familia es el coraz\u00f3n de nuestra vida, el refugio donde encontramos amor, apoyo y comprensi\u00f3n. Hoy celebramos el D\u00eda de la Familia, uniendo nuestros lazos y agradeciendo por el amor incondicional que nos brinda. \u00a1Feliz D\u00eda de la Familia!<\/p>\n\n\n\n<iframe loading=\"lazy\" width=\"560\" height=\"315\" src=\"https:\/\/www.youtube.com\/embed\/h0sUE0Jd3jM?si=6XCOV8ZzOol4_Ufn\" title=\"YouTube video player\" frameborder=\"0\" allow=\"accelerometer; autoplay; clipboard-write; encrypted-media; gyroscope; picture-in-picture; web-share\" referrerpolicy=\"strict-origin-when-cross-origin\" allowfullscreen><\/iframe>\n<\/div>\n","protected":false},"excerpt":{"rendered":"<p>La familia es el coraz\u00f3n de nuestra vida, el refugio donde encontramos amor, apoyo y comprensi\u00f3n. Hoy celebramos el D\u00eda de la Familia, uniendo nuestros lazos y agradeciendo por el amor incondicional que nos brinda. \u00a1Feliz D\u00eda de la Familia!<\/p>\n","protected":false},"author":2,"featured_media":2050,"comment_status":"open","ping_status":"open","sticky":false,"template":"","format":"standard","meta":{"footnotes":""},"categories":[1],"tags":[],"blocksy_meta":[],"_links":{"self":[{"href":"https:\/\/ceipalcalavenceslada.es\/index.php?rest_route=\/wp\/v2\/posts\/2049"}],"collection":[{"href":"https:\/\/ceipalcalavenceslada.es\/index.php?rest_route=\/wp\/v2\/posts"}],"about":[{"href":"https:\/\/ceipalcalavenceslada.es\/index.php?rest_route=\/wp\/v2\/types\/post"}],"author":[{"embeddable":true,"href":"https:\/\/ceipalcalavenceslada.es\/index.php?rest_route=\/wp\/v2\/users\/2"}],"replies":[{"embeddable":true,"href":"https:\/\/ceipalcalavenceslada.es\/index.php?rest_route=%2Fwp%2Fv2%2Fcomments&post=2049"}],"version-history":[{"count":1,"href":"https:\/\/ceipalcalavenceslada.es\/index.php?rest_route=\/wp\/v2\/posts\/2049\/revisions"}],"predecessor-version":[{"id":2051,"href":"https:\/\/ceipalcalavenceslada.es\/index.php?rest_route=\/wp\/v2\/posts\/2049\/revisions\/2051"}],"wp:featuredmedia":[{"embeddable":true,"href":"https:\/\/ceipalcalavenceslada.es\/index.php?rest_route=\/wp\/v2\/media\/2050"}],"wp:attachment":[{"href":"https:\/\/ceipalcalavenceslada.es\/index.php?rest_route=%2Fwp%2Fv2%2Fmedia&parent=2049"}],"wp:term":[{"taxonomy":"category","embeddable":true,"href":"https:\/\/ceipalcalavenceslada.es\/index.php?rest_route=%2Fwp%2Fv2%2Fcategories&post=2049"},{"taxonomy":"post_tag","embeddable":true,"href":"https:\/\/ceipalcalavenceslada.es\/index.php?rest_route=%2Fwp%2Fv2%2Ftags&post=2049"}],"curies":[{"name":"wp","href":"https:\/\/api.w.org\/{rel}","templated":true}]}}